{"id":18052,"date":"2018-07-03T15:59:01","date_gmt":"2018-07-03T19:59:01","guid":{"rendered":"http:\/\/www.runottawa.ca\/?p=18052"},"modified":"2018-07-03T15:59:01","modified_gmt":"2018-07-03T19:59:01","slug":"justyn-knight-a-la-tete-de-la-nouvelle-generation-de-talents-canadiens-en-athletisme","status":"publish","type":"post","link":"https:\/\/www.runottawa.ca\/fr\/justyn-knight-a-la-tete-de-la-nouvelle-generation-de-talents-canadiens-en-athletisme\/","title":{"rendered":"Justyn Knight, \u00e0 la t\u00eate de la nouvelle g\u00e9n\u00e9ration de talents canadiens en athl\u00e9tisme"},"content":{"rendered":"<p><span style=\"font-weight: 400;\">La derni\u00e8re ann\u00e9e a \u00e9t\u00e9 tout simplement exceptionnelle pour l\u2019athl\u00e8te canadien Justyn\u00a0Knight. <\/span><\/p>\n<p><span style=\"font-weight: 400;\">D\u2019un top\u00a010 lors du Championnat mondial de l\u2019IAAF au couronnement de sa derni\u00e8re ann\u00e9e \u00e0 la Syracuse University avec plusieurs titres de la NCAA, le jeune homme de 21\u00a0ans, originaire de Toronto, s\u2019est forg\u00e9 une belle place parmi les coureurs les plus talentueux du pays. <\/span><\/p>\n<p><span style=\"font-weight: 400;\">Knight et plusieurs autres des meilleurs athl\u00e8tes canadiens sont attendus \u00e0 Ottawa en vue des Championnats d\u2019athl\u00e9tisme canadiens, qui auront lieu du 5 au 9\u00a0juillet prochain, au stade Terry\u00a0Fox. <\/span><\/p>\n<p><span style=\"font-weight: 400;\">L\u2019ann\u00e9e derni\u00e8re, Knight avait termin\u00e9 au deuxi\u00e8me\u00a0rang, tout juste derri\u00e8re Mo\u00a0Ahmed, \u00e0 la finale du 5\u00a0000\u00a0m. Ce classement lui avait permis de se qualifier pour le Championnat mondial de l\u2019IAAF \u00e0 Londres (Royaume-Uni), o\u00f9 il s\u2019\u00e9tait mesur\u00e9 aux meilleurs coureurs professionnels au monde, notamment le m\u00e9daill\u00e9 d\u2019or olympique Mo\u00a0Farah.<\/span><\/p>\n<p><span style=\"font-weight: 400;\">La 9<\/span><span style=\"font-weight: 400;\">e<\/span><span style=\"font-weight: 400;\">\u00a0place de Knight au 5\u00a0000\u00a0m au Championnat mondial a prouv\u00e9 qu\u2019il serait un talent canadien \u00e0 surveiller de pr\u00e8s au cours des prochaines ann\u00e9es. Et il a attir\u00e9 l\u2019attention de Farah, qui est sans contredit un des meilleurs coureurs \u00e0 l\u2019\u00e9chelle mondiale en ce moment. \u00a0<\/span><\/p>\n<p><span style=\"font-weight: 400;\">\u00ab\u00a0La premi\u00e8re fois que je lui ai parl\u00e9 [Farah], j\u2019\u00e9tais en totale admiration\u00a0\u00bb, explique Knight, mais apr\u00e8s la course, les deux hommes ont eu la chance de discuter plus longuement dans les vestiaires et ils ont gard\u00e9 contact. <\/span><\/p>\n<p><span style=\"font-weight: 400;\">En voyant qu\u2019il \u00e9tait capable de litt\u00e9ralement suivre les pas du meilleur coureur au monde, Knight a eu un regain de confiance alors qu\u2019il en avait vraiment besoin selon lui. <\/span><\/p>\n<p><span style=\"font-weight: 400;\">\u00ab\u00a0Avant le Championnat mondial, j\u2019ai eu un tr\u00e8s mauvais classement \u00e0 une course de la NCAA\u00a0: j\u2019\u00e9tais physiquement fatigu\u00e9 et j\u2019avais connu deux ann\u00e9es intenses de comp\u00e9tition\u00a0\u00bb, pr\u00e9cise-t-il. <\/span><\/p>\n<p><span style=\"font-weight: 400;\">\u00ab\u00a0Je pense que le Championnat mondial m\u2019a permis de retrouver confiance en moi\u00a0\u00bb, dit-il. \u00ab\u00a0Je me suis dit que je venais de talonner certains des meilleurs coureurs au monde. J\u2019\u00e9tais donc capable de relever le d\u00e9fi.\u00a0\u00bb <\/span><\/p>\n<p><span style=\"font-weight: 400;\">Cette philosophie a amorc\u00e9 ce qui allait \u00eatre une ann\u00e9e absolument extraordinaire pour lui avec le Syracuse University Orange. <\/span><\/p>\n<p><span style=\"font-weight: 400;\">En effet, Knight a remport\u00e9 l\u2019\u00e9preuve de 10\u00a0000\u00a0m au Championnat de course de fond de la NCAA \u00e0 l\u2019automne puis l\u2019\u00e9preuve de 5\u00a0000\u00a0m au Championnat d\u2019athl\u00e9tisme int\u00e9rieur de la NCAA au printemps, ainsi que plusieurs autres \u00e9preuves de conf\u00e9rence. <\/span><\/p>\n<p><span style=\"font-weight: 400;\">Il a aussi re\u00e7u son troisi\u00e8me prix de l\u2019athl\u00e8te masculin de l\u2019ann\u00e9e cons\u00e9cutif de la Syracuse University. <\/span><\/p>\n<p><span style=\"font-weight: 400;\">Mais Knight n\u2019est pas le seul \u00e0 se d\u00e9marquer dans la NCAA. Il fait partie de la nouvelle g\u00e9n\u00e9ration d\u2019athl\u00e8tes canadiens qui remportent des \u00e9preuves \u00e0 des comp\u00e9titions am\u00e9ricaines.<\/span><\/p>\n<p><span style=\"font-weight: 400;\">\u00ab\u00a0Je pense que nous laissons d\u00e9finitivement notre marque chez nos voisins du Sud\u00a0\u00bb, affirme Knight. <\/span><\/p>\n<p><span style=\"font-weight: 400;\">En plus de Knight et de Mo\u00a0Ahmed, des athl\u00e8tes comme Kyra\u00a0Constantine et Rory\u00a0Linkletter se sont b\u00e2ti une belle r\u00e9putation. <\/span><\/p>\n<p><span style=\"font-weight: 400;\">\u00ab\u00a0Nous sommes toujours tr\u00e8s heureux de nous voir\u00a0\u00bb, explique Knight.<\/span><\/p>\n<p><span style=\"font-weight: 400;\">Cette belle camaraderie canadienne \u00e9tait r\u00e9cemment \u00e0 l\u2019honneur, lorsque Ben\u00a0Flanagan, originaire de Kitchener, a remport\u00e9 le Championnat du 10\u00a0000\u00a0m de la NCAA. Knight le conna\u00eet depuis le secondaire.<\/span><\/p>\n<p><span style=\"font-weight: 400;\">\u00ab\u00a0Ben me battait toujours \u00e0 cette \u00e9poque\u00a0\u00bb, affirme Knight en riant. <\/span><\/p>\n<p><span style=\"font-weight: 400;\">En voyant Flanagan remporter cette \u00e9preuve en rattrapant ses adversaires puis monter sur le podium, Knights affirme qu\u2019il n\u2019a pas pu se retenir. \u00a0<\/span><\/p>\n<p><span style=\"font-weight: 400;\">\u00ab\u00a0J\u2019\u00e9tais si heureux pour lui\u00a0\u00bb, indique-t-il. \u00ab\u00a0Je sautais dans les gradins\u00a0\u00bb. Knight a ensuite couru f\u00e9liciter son compatriote.<\/span><\/p>\n<p><span style=\"font-weight: 400;\">Maintenant qu\u2019il a termin\u00e9 ses \u00e9tudes universitaires, Knight est pr\u00eat \u00e0 passer au prochain chapitre de sa carri\u00e8re de coureur, soit le statut de professionnel. Son premier arr\u00eat sera la capitale nationale, o\u00f9 il se mesurera aux meilleurs athl\u00e8tes canadiens lors de la Soir\u00e9e des distances de Courez\u00a0Ottawa le 7\u00a0juillet.<\/span><\/p>\n<p><span style=\"font-weight: 400;\">Ne ratez pas cette occasion unique de voir les nouvelles \u00e9toiles montantes de la course au Canada. <\/span><\/p>\n<p><span style=\"font-weight: 400;\">Pour obtenir de plus amples renseignements sur les Championnats d\u2019athl\u00e9tisme canadiens et pour acheter des billets pour l\u2019\u00e9v\u00e9nement, visitez le site Web d\u2019Athl\u00e9tisme Canada.<\/span><\/p>\n<p><b>Statistiques int\u00e9ressantes sur Justyn\u00a0Knight\u00a0:<\/b><\/p>\n<ul>\n<li style=\"font-weight: 400;\"><span style=\"font-weight: 400;\">Il a commenc\u00e9 \u00e0 courir en 10<\/span><span style=\"font-weight: 400;\">e<\/span><span style=\"font-weight: 400;\">\u00a0ann\u00e9e, dans le cadre de son cours d\u2019\u00e9ducation physique.<\/span><\/li>\n<li style=\"font-weight: 400;\"><span style=\"font-weight: 400;\">Il a couru son premier mile (1,6\u00a0kilom\u00e8tre) en 3:59. Meilleur temps au mile\u00a0: 3:55.82<\/span><\/li>\n<li style=\"font-weight: 400;\"><span style=\"font-weight: 400;\">Meilleur temps au 5K\u00a0: 13:17.51<\/span><\/li>\n<\/ul>\n","protected":false},"excerpt":{"rendered":"<p>La derni\u00e8re ann\u00e9e a \u00e9t\u00e9 tout simplement exceptionnelle pour l\u2019athl\u00e8te canadien Justyn\u00a0Knight. D\u2019un top\u00a010 lors [&hellip;]<\/p>\n","protected":false},"author":33,"featured_media":0,"comment_status":"closed","ping_status":"open","sticky":false,"template":"","format":"standard","meta":{"_acf_changed":false,"footnotes":""},"categories":[101],"tags":[],"class_list":["post-18052","post","type-post","status-publish","format-standard","hentry","category-elites-fr"],"acf":[],"yoast_head":"<!-- This site is optimized with the Yoast SEO plugin v27.5 - https:\/\/yoast.com\/product\/yoast-seo-wordpress\/ -->\n<title>Justyn Knight, \u00e0 la t\u00eate de la nouvelle g\u00e9n\u00e9ration de talents canadiens en athl\u00e9tisme - Run Ottawa<\/title>\n<meta name=\"robots\" content=\"index, follow, max-snippet:-1, max-image-preview:large, max-video-preview:-1\" \/>\n<link rel=\"canonical\" href=\"https:\/\/www.runottawa.ca\/fr\/justyn-knight-a-la-tete-de-la-nouvelle-generation-de-talents-canadiens-en-athletisme\/\" \/>\n<meta name=\"twitter:label1\" content=\"\u00c9crit par\" \/>\n\t<meta name=\"twitter:data1\" content=\"Jenn Tuthill\" \/>\n\t<meta name=\"twitter:label2\" content=\"Dur\u00e9e de lecture estim\u00e9e\" \/>\n\t<meta name=\"twitter:data2\" content=\"4 minutes\" \/>\n<script type=\"application\/ld+json\" class=\"yoast-schema-graph\">{\"@context\":\"https:\\\/\\\/schema.org\",\"@graph\":[{\"@type\":\"Article\",\"@id\":\"https:\\\/\\\/www.runottawa.ca\\\/fr\\\/justyn-knight-a-la-tete-de-la-nouvelle-generation-de-talents-canadiens-en-athletisme\\\/#article\",\"isPartOf\":{\"@id\":\"https:\\\/\\\/www.runottawa.ca\\\/fr\\\/justyn-knight-a-la-tete-de-la-nouvelle-generation-de-talents-canadiens-en-athletisme\\\/\"},\"author\":{\"name\":\"Jenn Tuthill\",\"@id\":\"https:\\\/\\\/www.runottawa.ca\\\/fr\\\/#\\\/schema\\\/person\\\/50a4cf696226bc1abdac0eb2e9865256\"},\"headline\":\"Justyn Knight, \u00e0 la t\u00eate de la nouvelle g\u00e9n\u00e9ration de talents canadiens en athl\u00e9tisme\",\"datePublished\":\"2018-07-03T19:59:01+00:00\",\"mainEntityOfPage\":{\"@id\":\"https:\\\/\\\/www.runottawa.ca\\\/fr\\\/justyn-knight-a-la-tete-de-la-nouvelle-generation-de-talents-canadiens-en-athletisme\\\/\"},\"wordCount\":775,\"articleSection\":[\"Elites\"],\"inLanguage\":\"fr-FR\"},{\"@type\":\"WebPage\",\"@id\":\"https:\\\/\\\/www.runottawa.ca\\\/fr\\\/justyn-knight-a-la-tete-de-la-nouvelle-generation-de-talents-canadiens-en-athletisme\\\/\",\"url\":\"https:\\\/\\\/www.runottawa.ca\\\/fr\\\/justyn-knight-a-la-tete-de-la-nouvelle-generation-de-talents-canadiens-en-athletisme\\\/\",\"name\":\"Justyn Knight, \u00e0 la t\u00eate de la nouvelle g\u00e9n\u00e9ration de talents canadiens en athl\u00e9tisme - Run Ottawa\",\"isPartOf\":{\"@id\":\"https:\\\/\\\/www.runottawa.ca\\\/fr\\\/#website\"},\"datePublished\":\"2018-07-03T19:59:01+00:00\",\"author\":{\"@id\":\"https:\\\/\\\/www.runottawa.ca\\\/fr\\\/#\\\/schema\\\/person\\\/50a4cf696226bc1abdac0eb2e9865256\"},\"breadcrumb\":{\"@id\":\"https:\\\/\\\/www.runottawa.ca\\\/fr\\\/justyn-knight-a-la-tete-de-la-nouvelle-generation-de-talents-canadiens-en-athletisme\\\/#breadcrumb\"},\"inLanguage\":\"fr-FR\",\"potentialAction\":[{\"@type\":\"ReadAction\",\"target\":[\"https:\\\/\\\/www.runottawa.ca\\\/fr\\\/justyn-knight-a-la-tete-de-la-nouvelle-generation-de-talents-canadiens-en-athletisme\\\/\"]}]},{\"@type\":\"BreadcrumbList\",\"@id\":\"https:\\\/\\\/www.runottawa.ca\\\/fr\\\/justyn-knight-a-la-tete-de-la-nouvelle-generation-de-talents-canadiens-en-athletisme\\\/#breadcrumb\",\"itemListElement\":[{\"@type\":\"ListItem\",\"position\":1,\"name\":\"Home\",\"item\":\"https:\\\/\\\/www.runottawa.ca\\\/fr\\\/\"},{\"@type\":\"ListItem\",\"position\":2,\"name\":\"Justyn Knight, \u00e0 la t\u00eate de la nouvelle g\u00e9n\u00e9ration de talents canadiens en athl\u00e9tisme\"}]},{\"@type\":\"WebSite\",\"@id\":\"https:\\\/\\\/www.runottawa.ca\\\/fr\\\/#website\",\"url\":\"https:\\\/\\\/www.runottawa.ca\\\/fr\\\/\",\"name\":\"Run Ottawa\",\"description\":\"\",\"potentialAction\":[{\"@type\":\"SearchAction\",\"target\":{\"@type\":\"EntryPoint\",\"urlTemplate\":\"https:\\\/\\\/www.runottawa.ca\\\/fr\\\/?s={search_term_string}\"},\"query-input\":{\"@type\":\"PropertyValueSpecification\",\"valueRequired\":true,\"valueName\":\"search_term_string\"}}],\"inLanguage\":\"fr-FR\"},{\"@type\":\"Person\",\"@id\":\"https:\\\/\\\/www.runottawa.ca\\\/fr\\\/#\\\/schema\\\/person\\\/50a4cf696226bc1abdac0eb2e9865256\",\"name\":\"Jenn Tuthill\",\"image\":{\"@type\":\"ImageObject\",\"inLanguage\":\"fr-FR\",\"@id\":\"https:\\\/\\\/secure.gravatar.com\\\/avatar\\\/906d803a81a1a97b077ea848ff2a30566a571f77a866c3b63aa7ffb38a5d5cf5?s=96&d=mm&r=g\",\"url\":\"https:\\\/\\\/secure.gravatar.com\\\/avatar\\\/906d803a81a1a97b077ea848ff2a30566a571f77a866c3b63aa7ffb38a5d5cf5?s=96&d=mm&r=g\",\"contentUrl\":\"https:\\\/\\\/secure.gravatar.com\\\/avatar\\\/906d803a81a1a97b077ea848ff2a30566a571f77a866c3b63aa7ffb38a5d5cf5?s=96&d=mm&r=g\",\"caption\":\"Jenn Tuthill\"}}]}<\/script>\n<!-- \/ Yoast SEO plugin. -->","yoast_head_json":{"title":"Justyn Knight, \u00e0 la t\u00eate de la nouvelle g\u00e9n\u00e9ration de talents canadiens en athl\u00e9tisme - Run Ottawa","robots":{"index":"index","follow":"follow","max-snippet":"max-snippet:-1","max-image-preview":"max-image-preview:large","max-video-preview":"max-video-preview:-1"},"canonical":"https:\/\/www.runottawa.ca\/fr\/justyn-knight-a-la-tete-de-la-nouvelle-generation-de-talents-canadiens-en-athletisme\/","twitter_misc":{"\u00c9crit par":"Jenn Tuthill","Dur\u00e9e de lecture estim\u00e9e":"4 minutes"},"schema":{"@context":"https:\/\/schema.org","@graph":[{"@type":"Article","@id":"https:\/\/www.runottawa.ca\/fr\/justyn-knight-a-la-tete-de-la-nouvelle-generation-de-talents-canadiens-en-athletisme\/#article","isPartOf":{"@id":"https:\/\/www.runottawa.ca\/fr\/justyn-knight-a-la-tete-de-la-nouvelle-generation-de-talents-canadiens-en-athletisme\/"},"author":{"name":"Jenn Tuthill","@id":"https:\/\/www.runottawa.ca\/fr\/#\/schema\/person\/50a4cf696226bc1abdac0eb2e9865256"},"headline":"Justyn Knight, \u00e0 la t\u00eate de la nouvelle g\u00e9n\u00e9ration de talents canadiens en athl\u00e9tisme","datePublished":"2018-07-03T19:59:01+00:00","mainEntityOfPage":{"@id":"https:\/\/www.runottawa.ca\/fr\/justyn-knight-a-la-tete-de-la-nouvelle-generation-de-talents-canadiens-en-athletisme\/"},"wordCount":775,"articleSection":["Elites"],"inLanguage":"fr-FR"},{"@type":"WebPage","@id":"https:\/\/www.runottawa.ca\/fr\/justyn-knight-a-la-tete-de-la-nouvelle-generation-de-talents-canadiens-en-athletisme\/","url":"https:\/\/www.runottawa.ca\/fr\/justyn-knight-a-la-tete-de-la-nouvelle-generation-de-talents-canadiens-en-athletisme\/","name":"Justyn Knight, \u00e0 la t\u00eate de la nouvelle g\u00e9n\u00e9ration de talents canadiens en athl\u00e9tisme - Run Ottawa","isPartOf":{"@id":"https:\/\/www.runottawa.ca\/fr\/#website"},"datePublished":"2018-07-03T19:59:01+00:00","author":{"@id":"https:\/\/www.runottawa.ca\/fr\/#\/schema\/person\/50a4cf696226bc1abdac0eb2e9865256"},"breadcrumb":{"@id":"https:\/\/www.runottawa.ca\/fr\/justyn-knight-a-la-tete-de-la-nouvelle-generation-de-talents-canadiens-en-athletisme\/#breadcrumb"},"inLanguage":"fr-FR","potentialAction":[{"@type":"ReadAction","target":["https:\/\/www.runottawa.ca\/fr\/justyn-knight-a-la-tete-de-la-nouvelle-generation-de-talents-canadiens-en-athletisme\/"]}]},{"@type":"BreadcrumbList","@id":"https:\/\/www.runottawa.ca\/fr\/justyn-knight-a-la-tete-de-la-nouvelle-generation-de-talents-canadiens-en-athletisme\/#breadcrumb","itemListElement":[{"@type":"ListItem","position":1,"name":"Home","item":"https:\/\/www.runottawa.ca\/fr\/"},{"@type":"ListItem","position":2,"name":"Justyn Knight, \u00e0 la t\u00eate de la nouvelle g\u00e9n\u00e9ration de talents canadiens en athl\u00e9tisme"}]},{"@type":"WebSite","@id":"https:\/\/www.runottawa.ca\/fr\/#website","url":"https:\/\/www.runottawa.ca\/fr\/","name":"Run Ottawa","description":"","potentialAction":[{"@type":"SearchAction","target":{"@type":"EntryPoint","urlTemplate":"https:\/\/www.runottawa.ca\/fr\/?s={search_term_string}"},"query-input":{"@type":"PropertyValueSpecification","valueRequired":true,"valueName":"search_term_string"}}],"inLanguage":"fr-FR"},{"@type":"Person","@id":"https:\/\/www.runottawa.ca\/fr\/#\/schema\/person\/50a4cf696226bc1abdac0eb2e9865256","name":"Jenn Tuthill","image":{"@type":"ImageObject","inLanguage":"fr-FR","@id":"https:\/\/secure.gravatar.com\/avatar\/906d803a81a1a97b077ea848ff2a30566a571f77a866c3b63aa7ffb38a5d5cf5?s=96&d=mm&r=g","url":"https:\/\/secure.gravatar.com\/avatar\/906d803a81a1a97b077ea848ff2a30566a571f77a866c3b63aa7ffb38a5d5cf5?s=96&d=mm&r=g","contentUrl":"https:\/\/secure.gravatar.com\/avatar\/906d803a81a1a97b077ea848ff2a30566a571f77a866c3b63aa7ffb38a5d5cf5?s=96&d=mm&r=g","caption":"Jenn Tuthill"}}]}},"_links":{"self":[{"href":"https:\/\/www.runottawa.ca\/fr\/wp-json\/wp\/v2\/posts\/18052","targetHints":{"allow":["GET"]}}],"collection":[{"href":"https:\/\/www.runottawa.ca\/fr\/wp-json\/wp\/v2\/posts"}],"about":[{"href":"https:\/\/www.runottawa.ca\/fr\/wp-json\/wp\/v2\/types\/post"}],"author":[{"embeddable":true,"href":"https:\/\/www.runottawa.ca\/fr\/wp-json\/wp\/v2\/users\/33"}],"replies":[{"embeddable":true,"href":"https:\/\/www.runottawa.ca\/fr\/wp-json\/wp\/v2\/comments?post=18052"}],"version-history":[{"count":1,"href":"https:\/\/www.runottawa.ca\/fr\/wp-json\/wp\/v2\/posts\/18052\/revisions"}],"predecessor-version":[{"id":18053,"href":"https:\/\/www.runottawa.ca\/fr\/wp-json\/wp\/v2\/posts\/18052\/revisions\/18053"}],"wp:attachment":[{"href":"https:\/\/www.runottawa.ca\/fr\/wp-json\/wp\/v2\/media?parent=18052"}],"wp:term":[{"taxonomy":"category","embeddable":true,"href":"https:\/\/www.runottawa.ca\/fr\/wp-json\/wp\/v2\/categories?post=18052"},{"taxonomy":"post_tag","embeddable":true,"href":"https:\/\/www.runottawa.ca\/fr\/wp-json\/wp\/v2\/tags?post=18052"}],"curies":[{"name":"wp","href":"https:\/\/api.w.org\/{rel}","templated":true}]}}